{"id":2019,"date":"2022-09-09T12:27:14","date_gmt":"2022-09-09T10:27:14","guid":{"rendered":"https:\/\/velo-paysdelaloire.fr\/?p=2019"},"modified":"2025-04-23T15:19:57","modified_gmt":"2025-04-23T13:19:57","slug":"rentree-des-classes-a-velo-webinaire-de-presentation-du-savoir-rouler-a-velo-srav","status":"publish","type":"post","link":"https:\/\/velo-pdl.fr\/index.php\/2022\/09\/09\/rentree-des-classes-a-velo-webinaire-de-presentation-du-savoir-rouler-a-velo-srav\/","title":{"rendered":"Rentr\u00e9e des classes&#8230; \u00e0 v\u00e9lo : webinaire de pr\u00e9sentation du Savoir Rouler \u00e0 V\u00e9lo (SRAV)"},"content":{"rendered":"<p>Pour bien d\u00e9marrer l&rsquo;ann\u00e9e scolaire, le <a href=\"https:\/\/velo-paysdelaloire.fr\/\">Collectif V\u00e9lo Pays de la Loire<\/a> proposait, vendredi 9 Septembre, un s\u00e9minaire \u00e0 l&rsquo;attention des collectivit\u00e9s territoriales de la r\u00e9gion. Objectif :<br \/>\n&#8211; pr\u00e9senter le <a href=\"https:\/\/sports.gouv.fr\/savoir-rouler-a-velo\/\">Savoir Rouler \u00e0 V\u00e9lo (SRAV)<\/a> (cadre de l&rsquo;enseignement du v\u00e9lo en primaire, qui vise \u00e0 rendre les \u00e9l\u00e8ves de primaire autonomes \u00e0 v\u00e9lo)<br \/>\n&#8211; pr\u00e9senter les moyens de le mettre en place dans les \u00e9coles, gr\u00e2ce notamment aux associations v\u00e9lo et au dispositif de co-financement <a href=\"https:\/\/generationvelo.fr\/\">G\u00e9n\u00e9ration V\u00e9lo<\/a>.<\/p>\n<p>Retrouvez le support de pr\u00e9sentation utilis\u00e9 lors de ce webinaire (ainsi que le contact du coordinateur r\u00e9gional de G\u00e9n\u00e9ration V\u00e9lo) dans le document ci-dessous (ou <a href=\"https:\/\/velo-paysdelaloire.fr\/wp-content\/uploads\/2022\/09\/presentation-webinaire-SRAV-GV-CVPDL-09-22.pdf\">cliquez ici pour l\u00e9 t\u00e9l\u00e9charger<\/a>) :<br \/>\n<a href=\"https:\/\/velo-paysdelaloire.fr\/wp-content\/uploads\/2022\/09\/presentation-webinaire-SRAV-GV-CVPDL-09-22.pdf\" class=\"pdfemb-viewer\" style=\"\" data-width=\"max\" data-height=\"max\" data-toolbar=\"bottom\" data-toolbar-fixed=\"off\">pr\u00e9sentation webinaire SRAV GV CVPDL 09 22<\/a><\/p>\n<p>Pour plus d&rsquo;information \u00e0 ce sujet, n&rsquo;h\u00e9sitez pas \u00e0 nous contacter.<\/p>\n<p>Bonne rentr\u00e9e !<\/p>\n<p><em>09\/09\/2022<\/em><\/p>\n","protected":false},"excerpt":{"rendered":"<p>Pour bien d\u00e9marrer l&rsquo;ann\u00e9e scolaire, le Collectif V\u00e9lo Pays de la Loire proposait, vendredi 9 Septembre, un s\u00e9minaire \u00e0 l&rsquo;attention des collectivit\u00e9s territoriales de la r\u00e9gion. Objectif : &#8211; pr\u00e9senter [&hellip;]<\/p>\n","protected":false},"author":1,"featured_media":2024,"comment_status":"closed","ping_status":"open","sticky":false,"template":"","format":"standard","meta":{"footnotes":""},"categories":[1],"tags":[30,31,27,32,29,28,26,6,24,25,23,22,4],"class_list":["post-2019","post","type-post","status-publish","format-standard","has-post-thumbnail","hentry","category-non-classe","tag-collectif-velo-pays-de-la-loire","tag-ecole","tag-education-mobilite","tag-enseignement-du-velo","tag-fub","tag-generation-velo","tag-mobilite-active","tag-pays-de-la-loire","tag-rentree","tag-rentree-des-classes","tag-savoir-rouler-a-velo","tag-srav","tag-velo"],"_links":{"self":[{"href":"https:\/\/velo-pdl.fr\/index.php\/wp-json\/wp\/v2\/posts\/2019","targetHints":{"allow":["GET"]}}],"collection":[{"href":"https:\/\/velo-pdl.fr\/index.php\/wp-json\/wp\/v2\/posts"}],"about":[{"href":"https:\/\/velo-pdl.fr\/index.php\/wp-json\/wp\/v2\/types\/post"}],"author":[{"embeddable":true,"href":"https:\/\/velo-pdl.fr\/index.php\/wp-json\/wp\/v2\/users\/1"}],"replies":[{"embeddable":true,"href":"https:\/\/velo-pdl.fr\/index.php\/wp-json\/wp\/v2\/comments?post=2019"}],"version-history":[{"count":4,"href":"https:\/\/velo-pdl.fr\/index.php\/wp-json\/wp\/v2\/posts\/2019\/revisions"}],"predecessor-version":[{"id":2025,"href":"https:\/\/velo-pdl.fr\/index.php\/wp-json\/wp\/v2\/posts\/2019\/revisions\/2025"}],"wp:featuredmedia":[{"embeddable":true,"href":"https:\/\/velo-pdl.fr\/index.php\/wp-json\/wp\/v2\/media\/2024"}],"wp:attachment":[{"href":"https:\/\/velo-pdl.fr\/index.php\/wp-json\/wp\/v2\/media?parent=2019"}],"wp:term":[{"taxonomy":"category","embeddable":true,"href":"https:\/\/velo-pdl.fr\/index.php\/wp-json\/wp\/v2\/categories?post=2019"},{"taxonomy":"post_tag","embeddable":true,"href":"https:\/\/velo-pdl.fr\/index.php\/wp-json\/wp\/v2\/tags?post=2019"}],"curies":[{"name":"wp","href":"https:\/\/api.w.org\/{rel}","templated":true}]}}